[{"@context":"https:\/\/schema.org\/","@type":"Article","@id":"https:\/\/www.mesalina.cz\/sud-a-kontejner\/#Article","mainEntityOfPage":"https:\/\/www.mesalina.cz\/sud-a-kontejner\/","headline":"Sud a kontejner","name":"Sud a kontejner","description":"Kdy\u017e jsem st\u00e1le p\u0159em\u00fd\u0161lela, jak si za\u0159\u00edd\u00edm a zahradu, tak jsem byla bezradn\u00e1. Proto\u017ee jsme s p\u0159\u00edtelem a s d\u011btmi bohu\u017eel m\u011bli \u00fapln\u011b rozd\u00edln\u00e9 n\u00e1zory na to, jak bude vypadat na\u0161e zahrada. A samoz\u0159ejm\u011b, \u017ee jsem dala hlavn\u011b na n\u00e1zorn\u00e9ho partnera, proto\u017ee d\u011btem a teprve sedm a dev\u011bt let, tak\u017ee samoz\u0159ejm\u011b \u00fapln\u011b nev\u00ed, jak by [&hellip;]","datePublished":"2022-12-27","dateModified":"2023-07-21","author":{"@type":"Person","@id":"https:\/\/www.mesalina.cz\/author\/#Person","name":"","url":"https:\/\/www.mesalina.cz\/author\/","identifier":1,"image":{"@type":"ImageObject","@id":"https:\/\/secure.gravatar.com\/avatar\/383247cd769f7ac317a5bcda943ec48a3c79d996598ae4564ec21a0e178126d1?s=96&d=mm&r=g","url":"https:\/\/secure.gravatar.com\/avatar\/383247cd769f7ac317a5bcda943ec48a3c79d996598ae4564ec21a0e178126d1?s=96&d=mm&r=g","height":96,"width":96}},"publisher":{"@type":"Organization","name":"mesalina.cz","logo":{"@type":"ImageObject","@id":"\/logo.png","url":"\/logo.png","width":600,"height":60}},"image":{"@type":"ImageObject","@id":"https:\/\/www.mesalina.cz\/wp-content\/uploads\/barrels-52934_960_720_1.jpg","url":"https:\/\/www.mesalina.cz\/wp-content\/uploads\/barrels-52934_960_720_1.jpg","height":0,"width":0},"url":"https:\/\/www.mesalina.cz\/sud-a-kontejner\/","about":["N\u00e1kupy"],"wordCount":425,"articleBody":"          Kdy\u017e jsem st\u00e1le p\u0159em\u00fd\u0161lela, jak si za\u0159\u00edd\u00edm a zahradu, tak jsem byla bezradn\u00e1. Proto\u017ee jsme s p\u0159\u00edtelem a s d\u011btmi bohu\u017eel m\u011bli \u00fapln\u011b rozd\u00edln\u00e9 n\u00e1zory na to, jak bude vypadat na\u0161e zahrada. A samoz\u0159ejm\u011b, \u017ee jsem dala hlavn\u011b na n\u00e1zorn\u00e9ho partnera, proto\u017ee d\u011btem a teprve sedm a dev\u011bt let, tak\u017ee samoz\u0159ejm\u011b \u00fapln\u011b nev\u00ed, jak by m\u011bla zahrada fungovat. D\u011btem jsme taky na zahradu samoz\u0159ejm\u011b po\u0159\u00eddili houpa\u010dky a mal\u00e9 h\u0159i\u0161t\u011b a taky baz\u00e9n, p\u0159esn\u011b tak, jak jsme d\u011btem sl\u00edbili, proto\u017ee si to na\u0161e mal\u00e9 d\u011bti moc p\u0159\u00e1ly. Jenom\u017ee m\u016fj p\u0159\u00edtel tam taky cht\u011bl m\u00edt n\u011bco, na co pot\u0159ebovat IBC kontejner a ventil. Mysl\u00edm si, \u017ee ventil na IBC kontejner je hodn\u011b d\u016fle\u017eit\u00fd, proto\u017ee j\u00e1 u\u017e m\u00e1m zku\u0161enosti s t\u00edm, kdy\u017e n\u011bco nem\u00e1 ventil anebo \u0161punt, tak to v\u017edycky nedopad\u00e1 dob\u0159e. Proto jsem p\u0159\u00edteli \u0159ekla, a\u0165 se po\u0159\u00e1dn\u011b rozmysl\u00ed, jestli bude pot\u0159ebovat IBC kontejner. J\u00e1 jsem byla za to, \u017ee si pouze z webov\u00e9 str\u00e1nky schoellerallibert.com po\u0159\u00edd\u00edme plaz nov\u00e9 palety anebo r\u016fzn\u00e9 n\u00e1dr\u017ee na vodu. Jenom\u017ee p\u0159\u00edtel st\u00e1le cht\u011bl to, aby m\u011bl ventil na IBC kontejner. Tak jsem si \u0159ekla, \u017ee v\u00edm, \u017ee tohle p\u0159\u00edtel opravdu hodn\u011b chce a d\u00e1v\u00e1 si na tom z\u00e1le\u017eet, tak mu v tom vyhov\u00edm. Jsme partne\u0159i a v\u017edycky se na n\u011b\u010dem domluv\u00edme v klidu a pohod\u011b. A jsme lid\u00e9 a m\u011bli bychom se domluvit. J\u00e1 jsem stav zase prosadila \u010dty\u0159i vyv\u00fd\u0161en\u00e9 kofl\u00edky, kde si budu d\u00e1vat z\u00e1honky a p\u011bstovat tam ovoce a zeleninu. Je to m\u016fj kon\u00ed\u010dek. Tak\u017ee jsem nakonec r\u00e1da, \u017ee si p\u0159\u00edtel ventil na IBC kontejner po\u0159\u00eddil, proto\u017ee vlastn\u011b z toho \u010derp\u00e1m taky v\u00fdhody i j\u00e1. A jak byste vyu\u017eili v p\u0159\u00edpad\u011b pot\u0159eby vy ventil na IBC kontejner Schoellerallibert? Nebo byste ho doma v\u016fbec necht\u011bli? Mysl\u00edm, \u017ee za uva\u017eov\u00e1n\u00ed o IBC kontejneru to rozhodn\u011b stoj\u00ed, m\u00e1 to mnoho v\u00fdhod. J\u00e1 jsem m\u00e1lem IBC kontejner zavrhla. Taky si ale dejte hodn\u011b z\u00e1le\u017eet na tom, abyste m\u011bli pasuj\u00edc\u00ed ventil na IBC kontejner.                                                                                                                                                                                                                                                                                                                                                                                           4\/5 - (9 votes)        "},{"@context":"https:\/\/schema.org\/","@type":"BreadcrumbList","itemListElement":[{"@type":"ListItem","position":1,"name":"Sud a kontejner","item":"https:\/\/www.mesalina.cz\/sud-a-kontejner\/#breadcrumbitem"}]}]