[{"@context":"https:\/\/schema.org\/","@type":"Blog","@id":"https:\/\/www.mesalina.cz#Blog","headline":"Mesalina","description":"\nI kdyby v\u00e1s v re\u00e1ln\u00e9m \u017eivot\u011b potk\u00e1valo zklam\u00e1n\u00ed doslova na ka\u017ed\u00e9m kroku, zavazujeme se, \u017ee pr\u00e1v\u011b na na\u0161em webu v\u00e1s v \u017e\u00e1dn\u00e9m p\u0159\u00edpad\u011b nezklameme.","url":"https:\/\/www.mesalina.cz","hasPart":[{"@type":"Article","@id":"https:\/\/www.mesalina.cz\/zmrzlinu-ma-rad-kazdy\/","headline":"Zmrzlinu m\u00e1 r\u00e1d ka\u017ed\u00fd","url":"https:\/\/www.mesalina.cz\/zmrzlinu-ma-rad-kazdy\/","datePublished":"2024-11-14","dateModified":"2024-11-14","mainEntityOfPage":"https:\/\/www.mesalina.cz\/zmrzlinu-ma-rad-kazdy\/","author":{"@type":"Person","@id":"https:\/\/www.mesalina.cz\/author\/#Person","name":"","url":"https:\/\/www.mesalina.cz\/author\/","identifier":1,"image":{"@type":"ImageObject","@id":"https:\/\/secure.gravatar.com\/avatar\/383247cd769f7ac317a5bcda943ec48a3c79d996598ae4564ec21a0e178126d1?s=96&d=mm&r=g","url":"https:\/\/secure.gravatar.com\/avatar\/383247cd769f7ac317a5bcda943ec48a3c79d996598ae4564ec21a0e178126d1?s=96&d=mm&r=g","height":96,"width":96}},"publisher":{"@type":"Organization","name":"mesalina.cz","logo":{"@type":"ImageObject","@id":"\/logo.png","url":"\/logo.png","width":600,"height":60}},"image":null,"wordCount":241,"keywords":null},{"@type":"Article","@id":"https:\/\/www.mesalina.cz\/zarovky-pro-vas-dum\/","headline":"\u017d\u00e1rovky pro v\u00e1\u0161 d\u016fm","url":"https:\/\/www.mesalina.cz\/zarovky-pro-vas-dum\/","datePublished":"2024-11-04","dateModified":"2024-11-04","mainEntityOfPage":"https:\/\/www.mesalina.cz\/zarovky-pro-vas-dum\/","author":{"@type":"Person","@id":"https:\/\/www.mesalina.cz\/author\/#Person","name":"","url":"https:\/\/www.mesalina.cz\/author\/","identifier":1,"image":{"@type":"ImageObject","@id":"https:\/\/secure.gravatar.com\/avatar\/383247cd769f7ac317a5bcda943ec48a3c79d996598ae4564ec21a0e178126d1?s=96&d=mm&r=g","url":"https:\/\/secure.gravatar.com\/avatar\/383247cd769f7ac317a5bcda943ec48a3c79d996598ae4564ec21a0e178126d1?s=96&d=mm&r=g","height":96,"width":96}},"publisher":{"@type":"Organization","name":"mesalina.cz","logo":{"@type":"ImageObject","@id":"\/logo.png","url":"\/logo.png","width":600,"height":60}},"image":null,"wordCount":274,"keywords":null},{"@type":"Article","@id":"https:\/\/www.mesalina.cz\/skumame-vsetko-co-nam-pride-po-ruku\/","headline":"Sk\u00famame v\u0161etko, \u010do n\u00e1m pr\u00edde po ruku","url":"https:\/\/www.mesalina.cz\/skumame-vsetko-co-nam-pride-po-ruku\/","datePublished":"2024-10-31","dateModified":"2024-10-31","mainEntityOfPage":"https:\/\/www.mesalina.cz\/skumame-vsetko-co-nam-pride-po-ruku\/","author":{"@type":"Person","@id":"https:\/\/www.mesalina.cz\/author\/#Person","name":"","url":"https:\/\/www.mesalina.cz\/author\/","identifier":1,"image":{"@type":"ImageObject","@id":"https:\/\/secure.gravatar.com\/avatar\/383247cd769f7ac317a5bcda943ec48a3c79d996598ae4564ec21a0e178126d1?s=96&d=mm&r=g","url":"https:\/\/secure.gravatar.com\/avatar\/383247cd769f7ac317a5bcda943ec48a3c79d996598ae4564ec21a0e178126d1?s=96&d=mm&r=g","height":96,"width":96}},"publisher":{"@type":"Organization","name":"mesalina.cz","logo":{"@type":"ImageObject","@id":"\/logo.png","url":"\/logo.png","width":600,"height":60}},"image":null,"wordCount":298,"keywords":null},{"@type":"Article","@id":"https:\/\/www.mesalina.cz\/vhodne-svitidlo-je-zaklad\/","headline":"Vhodn\u00e9 sv\u00edtidlo je z\u00e1klad","url":"https:\/\/www.mesalina.cz\/vhodne-svitidlo-je-zaklad\/","datePublished":"2024-10-21","dateModified":"2024-10-21","mainEntityOfPage":"https:\/\/www.mesalina.cz\/vhodne-svitidlo-je-zaklad\/","author":{"@type":"Person","@id":"https:\/\/www.mesalina.cz\/author\/#Person","name":"","url":"https:\/\/www.mesalina.cz\/author\/","identifier":1,"image":{"@type":"ImageObject","@id":"https:\/\/secure.gravatar.com\/avatar\/383247cd769f7ac317a5bcda943ec48a3c79d996598ae4564ec21a0e178126d1?s=96&d=mm&r=g","url":"https:\/\/secure.gravatar.com\/avatar\/383247cd769f7ac317a5bcda943ec48a3c79d996598ae4564ec21a0e178126d1?s=96&d=mm&r=g","height":96,"width":96}},"publisher":{"@type":"Organization","name":"mesalina.cz","logo":{"@type":"ImageObject","@id":"\/logo.png","url":"\/logo.png","width":600,"height":60}},"image":null,"wordCount":277,"keywords":null},{"@type":"Article","@id":"https:\/\/www.mesalina.cz\/automobil-bez-registru\/","headline":"Automobil bez registru","url":"https:\/\/www.mesalina.cz\/automobil-bez-registru\/","datePublished":"2024-10-13","dateModified":"2024-10-13","mainEntityOfPage":"https:\/\/www.mesalina.cz\/automobil-bez-registru\/","author":{"@type":"Person","@id":"https:\/\/www.mesalina.cz\/author\/#Person","name":"","url":"https:\/\/www.mesalina.cz\/author\/","identifier":1,"image":{"@type":"ImageObject","@id":"https:\/\/secure.gravatar.com\/avatar\/383247cd769f7ac317a5bcda943ec48a3c79d996598ae4564ec21a0e178126d1?s=96&d=mm&r=g","url":"https:\/\/secure.gravatar.com\/avatar\/383247cd769f7ac317a5bcda943ec48a3c79d996598ae4564ec21a0e178126d1?s=96&d=mm&r=g","height":96,"width":96}},"publisher":{"@type":"Organization","name":"mesalina.cz","logo":{"@type":"ImageObject","@id":"\/logo.png","url":"\/logo.png","width":600,"height":60}},"image":{"@type":"ImageObject","@id":"https:\/\/www.mesalina.cz\/wp-content\/uploads\/car-5667107_960_720_1.jpg","url":"https:\/\/www.mesalina.cz\/wp-content\/uploads\/car-5667107_960_720_1.jpg","height":0,"width":0},"wordCount":601,"keywords":null},{"@type":"Article","@id":"https:\/\/www.mesalina.cz\/chytra-domacnost\/","headline":"Chytr\u00e1 dom\u00e1cnost","url":"https:\/\/www.mesalina.cz\/chytra-domacnost\/","datePublished":"2024-09-02","dateModified":"2024-09-02","mainEntityOfPage":"https:\/\/www.mesalina.cz\/chytra-domacnost\/","author":{"@type":"Person","@id":"https:\/\/www.mesalina.cz\/author\/#Person","name":"","url":"https:\/\/www.mesalina.cz\/author\/","identifier":1,"image":{"@type":"ImageObject","@id":"https:\/\/secure.gravatar.com\/avatar\/383247cd769f7ac317a5bcda943ec48a3c79d996598ae4564ec21a0e178126d1?s=96&d=mm&r=g","url":"https:\/\/secure.gravatar.com\/avatar\/383247cd769f7ac317a5bcda943ec48a3c79d996598ae4564ec21a0e178126d1?s=96&d=mm&r=g","height":96,"width":96}},"publisher":{"@type":"Organization","name":"mesalina.cz","logo":{"@type":"ImageObject","@id":"\/logo.png","url":"\/logo.png","width":600,"height":60}},"image":{"@type":"ImageObject","@id":"https:\/\/www.mesalina.cz\/wp-content\/uploads\/digital-led-strip-lights-2103020_640.jpg","url":"https:\/\/www.mesalina.cz\/wp-content\/uploads\/digital-led-strip-lights-2103020_640.jpg","height":0,"width":0},"wordCount":561,"keywords":null},{"@type":"Article","@id":"https:\/\/www.mesalina.cz\/nase-tricka-se-vam-budou-doopravdy-libit\/","headline":"Na\u0161e tri\u010dka se v\u00e1m budou doopravdy l\u00edbit","url":"https:\/\/www.mesalina.cz\/nase-tricka-se-vam-budou-doopravdy-libit\/","datePublished":"2024-04-30","dateModified":"2024-04-30","mainEntityOfPage":"https:\/\/www.mesalina.cz\/nase-tricka-se-vam-budou-doopravdy-libit\/","author":{"@type":"Person","@id":"https:\/\/www.mesalina.cz\/author\/#Person","name":"","url":"https:\/\/www.mesalina.cz\/author\/","identifier":1,"image":{"@type":"ImageObject","@id":"https:\/\/secure.gravatar.com\/avatar\/383247cd769f7ac317a5bcda943ec48a3c79d996598ae4564ec21a0e178126d1?s=96&d=mm&r=g","url":"https:\/\/secure.gravatar.com\/avatar\/383247cd769f7ac317a5bcda943ec48a3c79d996598ae4564ec21a0e178126d1?s=96&d=mm&r=g","height":96,"width":96}},"publisher":{"@type":"Organization","name":"mesalina.cz","logo":{"@type":"ImageObject","@id":"\/logo.png","url":"\/logo.png","width":600,"height":60}},"image":null,"wordCount":295,"keywords":null},{"@type":"Article","@id":"https:\/\/www.mesalina.cz\/stale-nove-a-nove-obleceni-v-internetovem-outlet-velkoobchodu\/","headline":"St\u00e1le nov\u00e9 a nov\u00e9 oble\u010den\u00ed v internetov\u00e9m outlet velkoobchodu","url":"https:\/\/www.mesalina.cz\/stale-nove-a-nove-obleceni-v-internetovem-outlet-velkoobchodu\/","datePublished":"2024-04-26","dateModified":"2024-04-26","mainEntityOfPage":"https:\/\/www.mesalina.cz\/stale-nove-a-nove-obleceni-v-internetovem-outlet-velkoobchodu\/","author":{"@type":"Person","@id":"https:\/\/www.mesalina.cz\/author\/#Person","name":"","url":"https:\/\/www.mesalina.cz\/author\/","identifier":1,"image":{"@type":"ImageObject","@id":"https:\/\/secure.gravatar.com\/avatar\/383247cd769f7ac317a5bcda943ec48a3c79d996598ae4564ec21a0e178126d1?s=96&d=mm&r=g","url":"https:\/\/secure.gravatar.com\/avatar\/383247cd769f7ac317a5bcda943ec48a3c79d996598ae4564ec21a0e178126d1?s=96&d=mm&r=g","height":96,"width":96}},"publisher":{"@type":"Organization","name":"mesalina.cz","logo":{"@type":"ImageObject","@id":"\/logo.png","url":"\/logo.png","width":600,"height":60}},"image":null,"wordCount":267,"keywords":null},{"@type":"Article","@id":"https:\/\/www.mesalina.cz\/sverte-starosti-o-vas-bytovy-dum-externimu-predsedovi-svj\/","headline":"Sv\u011b\u0159te starosti o v\u00e1\u0161 bytov\u00fd d\u016fm extern\u00edmu p\u0159edsedovi SVJ","url":"https:\/\/www.mesalina.cz\/sverte-starosti-o-vas-bytovy-dum-externimu-predsedovi-svj\/","datePublished":"2024-04-20","dateModified":"2024-04-20","mainEntityOfPage":"https:\/\/www.mesalina.cz\/sverte-starosti-o-vas-bytovy-dum-externimu-predsedovi-svj\/","author":{"@type":"Person","@id":"https:\/\/www.mesalina.cz\/author\/#Person","name":"","url":"https:\/\/www.mesalina.cz\/author\/","identifier":1,"image":{"@type":"ImageObject","@id":"https:\/\/secure.gravatar.com\/avatar\/383247cd769f7ac317a5bcda943ec48a3c79d996598ae4564ec21a0e178126d1?s=96&d=mm&r=g","url":"https:\/\/secure.gravatar.com\/avatar\/383247cd769f7ac317a5bcda943ec48a3c79d996598ae4564ec21a0e178126d1?s=96&d=mm&r=g","height":96,"width":96}},"publisher":{"@type":"Organization","name":"mesalina.cz","logo":{"@type":"ImageObject","@id":"\/logo.png","url":"\/logo.png","width":600,"height":60}},"image":{"@type":"ImageObject","@id":"https:\/\/www.mesalina.cz\/wp-content\/uploads\/apartment-block-933538_640_2.jpg","url":"https:\/\/www.mesalina.cz\/wp-content\/uploads\/apartment-block-933538_640_2.jpg","height":0,"width":0},"wordCount":569,"keywords":null},{"@type":"Article","@id":"https:\/\/www.mesalina.cz\/vase-poteseni-bude-na-prvnim-miste\/","headline":"Va\u0161e pot\u011b\u0161en\u00ed bude na prvn\u00edm m\u00edst\u011b","url":"https:\/\/www.mesalina.cz\/vase-poteseni-bude-na-prvnim-miste\/","datePublished":"2024-04-19","dateModified":"2024-04-19","mainEntityOfPage":"https:\/\/www.mesalina.cz\/vase-poteseni-bude-na-prvnim-miste\/","author":{"@type":"Person","@id":"https:\/\/www.mesalina.cz\/author\/#Person","name":"","url":"https:\/\/www.mesalina.cz\/author\/","identifier":1,"image":{"@type":"ImageObject","@id":"https:\/\/secure.gravatar.com\/avatar\/383247cd769f7ac317a5bcda943ec48a3c79d996598ae4564ec21a0e178126d1?s=96&d=mm&r=g","url":"https:\/\/secure.gravatar.com\/avatar\/383247cd769f7ac317a5bcda943ec48a3c79d996598ae4564ec21a0e178126d1?s=96&d=mm&r=g","height":96,"width":96}},"publisher":{"@type":"Organization","name":"mesalina.cz","logo":{"@type":"ImageObject","@id":"\/logo.png","url":"\/logo.png","width":600,"height":60}},"image":null,"wordCount":277,"keywords":null}]},{"@context":"https:\/\/schema.org","@type":"WebSite","@id":"https:\/\/www.mesalina.cz\/#website","name":"Mesalina","url":"https:\/\/www.mesalina.cz","potentialAction":{"@type":"SearchAction","target":"https:\/\/www.mesalina.cz\/?s={search_term_string}","query-input":"required name=search_term_string"}}]