[{"@context":"https:\/\/schema.org\/","@type":"Article","@id":"https:\/\/www.mesalina.cz\/nejdelsi-sjezdarske-trate-v-orlickych-horach\/#Article","mainEntityOfPage":"https:\/\/www.mesalina.cz\/nejdelsi-sjezdarske-trate-v-orlickych-horach\/","headline":"Nejdel\u0161\u00ed sjezda\u0159sk\u00e9 trat\u011b v Orlick\u00fdch hor\u00e1ch","name":"Nejdel\u0161\u00ed sjezda\u0159sk\u00e9 trat\u011b v Orlick\u00fdch hor\u00e1ch","description":"Mo\u017en\u00e1 jste je\u0161t\u011b nem\u011bli p\u0159\u00edle\u017eitost nav\u0161t\u00edvit Orlick\u00e9 hory, tak tady j\u00ed m\u00e1te. Okouzl\u00ed v\u00e1s svoj\u00ed malebnost\u00ed a kr\u00e1sou nejenom v zimn\u00ed sez\u00f3n\u011b, ale i b\u011bhem l\u00e9ta, kdy v\u00e1m nab\u00eddnou ohromn\u00e9 mo\u017enosti, jak zde tr\u00e1vit letn\u00ed dovolenou. A budete se sem r\u00e1di vracet. Nyn\u00ed je ale na spadnut\u00ed, abyste rezervovali term\u00edn va\u0161\u00ed zimn\u00ed dovolen\u00e9, pokud chcete [&hellip;]","datePublished":"2022-09-13","dateModified":"2022-09-13","author":{"@type":"Person","@id":"https:\/\/www.mesalina.cz\/author\/#Person","name":"","url":"https:\/\/www.mesalina.cz\/author\/","identifier":1,"image":{"@type":"ImageObject","@id":"https:\/\/secure.gravatar.com\/avatar\/383247cd769f7ac317a5bcda943ec48a3c79d996598ae4564ec21a0e178126d1?s=96&d=mm&r=g","url":"https:\/\/secure.gravatar.com\/avatar\/383247cd769f7ac317a5bcda943ec48a3c79d996598ae4564ec21a0e178126d1?s=96&d=mm&r=g","height":96,"width":96}},"publisher":{"@type":"Organization","name":"mesalina.cz","logo":{"@type":"ImageObject","@id":"\/logo.png","url":"\/logo.png","width":600,"height":60}},"image":{"@type":"ImageObject","@id":"https:\/\/www.mesalina.cz\/wp-content\/uploads\/snowboardista.png","url":"https:\/\/www.mesalina.cz\/wp-content\/uploads\/snowboardista.png","height":0,"width":0},"url":"https:\/\/www.mesalina.cz\/nejdelsi-sjezdarske-trate-v-orlickych-horach\/","about":["Internet"],"wordCount":413,"articleBody":"      Mo\u017en\u00e1 jste je\u0161t\u011b nem\u011bli p\u0159\u00edle\u017eitost nav\u0161t\u00edvit Orlick\u00e9 hory, tak tady j\u00ed m\u00e1te. Okouzl\u00ed v\u00e1s svoj\u00ed malebnost\u00ed a kr\u00e1sou nejenom v zimn\u00ed sez\u00f3n\u011b, ale i b\u011bhem l\u00e9ta, kdy v\u00e1m nab\u00eddnou ohromn\u00e9 mo\u017enosti, jak zde tr\u00e1vit letn\u00ed dovolenou. A budete se sem r\u00e1di vracet. Nyn\u00ed je ale na spadnut\u00ed, abyste rezervovali term\u00edn va\u0161\u00ed zimn\u00ed dovolen\u00e9, pokud chcete zase vyt\u00e1hnout ly\u017ee nebo b\u011b\u017eky, nebo sjezdov\u00e9 prkno.Zn\u00e1te modern\u00ed zimn\u00ed st\u0159edisko na Bukov\u00e9 ho\u0159e, kde najdete dv\u011b nejdel\u0161\u00ed sjezdov\u00e9 trat\u011b v Orlick\u00fdch hor\u00e1ch? Je zde tak\u00e9 \u010dty\u0159seda\u010dkov\u00e1 lanovka, kter\u00e1 m\u00e1 vyh\u0159\u00edvan\u00e1 sedadla. \u017de tohle zn\u00e1te jenom z alpsk\u00fdch st\u0159edisek? Omyl, dnes u\u017e to m\u016f\u017eete za\u017e\u00edt i u n\u00e1s! Vyrazte za zimn\u00edm dobrodru\u017estv\u00edm i s d\u011btmi, kter\u00e9 se kone\u010dn\u011b nau\u010d\u00ed v ly\u017ea\u0159sk\u00fdch \u0161koli\u010dk\u00e1ch ly\u017eovat a vy budete moci ve voln\u00e9m \u010dase vyrazit na sjezdovku nebo t\u0159eba na b\u011b\u017eky, na kter\u00fdch jste u\u017e stra\u0161n\u011b dlouho s man\u017eelkou nebyli. V sou\u010dasn\u00e9 chv\u00edli dokonce m\u016f\u017eete zakoupit skipasy za lo\u0148sk\u00e9 ceny, ne\u017e najedou nov\u00e9 cen\u00edky v novou sez\u00f3nu. To se v\u00e1m docela dob\u0159e m\u016f\u017ee hodit, proto\u017ee se bl\u00ed\u017e\u00ed V\u00e1noce a vy byste tak zabili dv\u011b mouchy jednou ranou, darovali byste pod strome\u010dek pr\u00e1v\u011b skipasy. Ur\u010dit\u011b by to ud\u011blalo va\u0161im d\u011btem nebo drah\u00e9 polovi\u010dce velkou radost. P\u011bt sjezdov\u00fdch trat\u00ed, snow park, d\u011btsk\u00fd park a tak d\u00e1le, se u\u017e na v\u00e1s t\u011b\u0161\u00ed, v \u010cenkovic\u00edch nebo v \u010cerven\u00e9 vod\u011b m\u016f\u017eete za\u010d\u00edt. Rezervujte si je\u0161t\u011b nyn\u00ed penzion, a\u0165 m\u00e1te jistotu, \u017ee v\u00e1mi preferovan\u00fd term\u00edn bude je\u0161t\u011b voln\u00fd. U sjezdovek je samoz\u0159ejmost\u00ed velkokapacitn\u00ed parkov\u00e1n\u00ed, tak\u017ee se nemus\u00edte b\u00e1t, \u017ee byste tady \u010dekali na parkovac\u00ed m\u00edsta a zat\u00edm v\u00e1m mrzly d\u011bti v aut\u011b. Ski Doln\u00ed Morava Skibukovka.cz se u\u017e na v\u00e1s t\u011b\u0161\u00ed, kone\u010dn\u011b, aby napadl sn\u00edh a zima mohla za\u010d\u00edt. Jinak to chladn\u00e9 po\u010das\u00ed, ne\u017e na hor\u00e1ch nejde zvl\u00e1dnout. Vyrazte jako rodina na bezvadnou zimn\u00ed dovolenou, jak m\u00e1 b\u00fdt. A nemus\u00edte sem jet jenom v zim\u011b, i l\u00e9to je zde n\u00e1dhern\u00e9.                                                                                                                                                                                                                                                                                                                                                                                           4.7\/5 - (3 votes)        "},{"@context":"https:\/\/schema.org\/","@type":"BreadcrumbList","itemListElement":[{"@type":"ListItem","position":1,"name":"Nejdel\u0161\u00ed sjezda\u0159sk\u00e9 trat\u011b v Orlick\u00fdch hor\u00e1ch","item":"https:\/\/www.mesalina.cz\/nejdelsi-sjezdarske-trate-v-orlickych-horach\/#breadcrumbitem"}]}]