[{"@context":"https:\/\/schema.org\/","@type":"Article","@id":"https:\/\/www.mesalina.cz\/loznice-kterou-vam-bude-kdekdo-zavidet\/#Article","mainEntityOfPage":"https:\/\/www.mesalina.cz\/loznice-kterou-vam-bude-kdekdo-zavidet\/","headline":"Lo\u017enice, kterou v\u00e1m bude kdekdo z\u00e1vid\u011bt!","name":"Lo\u017enice, kterou v\u00e1m bude kdekdo z\u00e1vid\u011bt!","description":"Lo\u017enice je bezesporu jedna z nejd\u016fle\u017eit\u011bj\u0161\u00edch m\u00edstnost\u00ed v na\u0161em dom\u011b. Je toti\u017e zn\u00e1mo, \u017ee pr\u00e1v\u011b zde tr\u00e1v\u00edme pr\u016fm\u011brn\u011b t\u0159etinu https:\/\/www.optys.cz\/katalog\/vyroba-svicek-a-mydel\/vyroba-svicek\/ ka\u017ed\u00e9ho dne a pr\u00e1v\u011b z d\u016fvodu, abychom si odpo\u010dinuli, zrelaxovali a nabrali ztracenou energii. Lo\u017enici bychom proto m\u011bli za\u0159izovat co mo\u017en\u00e1 s nejv\u011bt\u0161\u00ed p\u00e9\u010d\u00ed a neopomenout jedin\u00fd detail, kter\u00fd by mohl naru\u0161it tuto o\u00e1zu klidu. [&hellip;]","datePublished":"2020-01-17","dateModified":"2024-04-24","author":{"@type":"Person","@id":"https:\/\/www.mesalina.cz\/author\/#Person","name":"","url":"https:\/\/www.mesalina.cz\/author\/","identifier":1,"image":{"@type":"ImageObject","@id":"https:\/\/secure.gravatar.com\/avatar\/383247cd769f7ac317a5bcda943ec48a3c79d996598ae4564ec21a0e178126d1?s=96&d=mm&r=g","url":"https:\/\/secure.gravatar.com\/avatar\/383247cd769f7ac317a5bcda943ec48a3c79d996598ae4564ec21a0e178126d1?s=96&d=mm&r=g","height":96,"width":96}},"publisher":{"@type":"Organization","name":"mesalina.cz","logo":{"@type":"ImageObject","@id":"\/logo.png","url":"\/logo.png","width":600,"height":60}},"image":{"@type":"ImageObject","@id":"https:\/\/www.mesalina.cz\/wp-content\/uploads\/img_a374614_w2072_t1586343218.jpg","url":"https:\/\/www.mesalina.cz\/wp-content\/uploads\/img_a374614_w2072_t1586343218.jpg","height":0,"width":0},"url":"https:\/\/www.mesalina.cz\/loznice-kterou-vam-bude-kdekdo-zavidet\/","about":["Bydlen\u00ed"],"wordCount":430,"articleBody":"      Lo\u017enice je bezesporu jedna z nejd\u016fle\u017eit\u011bj\u0161\u00edch m\u00edstnost\u00ed v na\u0161em dom\u011b. Je toti\u017e zn\u00e1mo, \u017ee pr\u00e1v\u011b zde tr\u00e1v\u00edme pr\u016fm\u011brn\u011b t\u0159etinu https:\/\/www.optys.cz\/katalog\/vyroba-svicek-a-mydel\/vyroba-svicek\/  ka\u017ed\u00e9ho dne a pr\u00e1v\u011b z d\u016fvodu, abychom si odpo\u010dinuli, zrelaxovali a nabrali ztracenou energii. Lo\u017enici bychom proto m\u011bli za\u0159izovat co mo\u017en\u00e1 s nejv\u011bt\u0161\u00ed p\u00e9\u010d\u00ed a neopomenout jedin\u00fd detail, kter\u00fd by mohl naru\u0161it tuto o\u00e1zu klidu.   Kvalitn\u00ed postel i matrace Tady nen\u00ed o \u010dem diskutovat, postel a k n\u00ed kvalitn\u00ed matrace je z\u00e1klad, bez kter\u00e9ho se kvalitn\u00ed sp\u00e1nek neobejde. Jedn\u00e1 se o nejd\u016fle\u017eit\u011bj\u0161\u00ed kousek n\u00e1bytku v lo\u017enici. Postel z masivu 180&#215;200 bude skv\u011blou volbou pro n\u00e1ro\u010dn\u00e9 sp\u00e1\u010de. Jen\u017ee ani ta sebelep\u0161\u00ed postel nebude to prav\u00e9 o\u0159echov\u00e9, pokud bude v m\u00edstnosti um\u00edst\u011bn\u00e1 na \u0161patn\u00e9m m\u00edst\u011b. U\u017e jste sly\u0161eli n\u011bco o \u010d\u00ednsk\u00e9 metod\u011b feng shui? Ta \u0159\u00edk\u00e1, \u017ee nejkvalitn\u011bj\u0161\u00edho sp\u00e1nku se v\u00e1m dostane, pokud bude postel oto\u010den\u00e1 \u010delem ke zdi, nejl\u00e9pe p\u0159\u00edstupn\u00e1 z obou stran a nem\u011bla by b\u00fdt p\u0159\u00edmo pod oknem. Ide\u00e1ln\u011b by postel m\u011bla sm\u011b\u0159ovat ke dve\u0159\u00edm, abyste m\u011bli o v\u0161em p\u0159ehled.   Materi\u00e1l i dekor Pokud nejste p\u0159\u00edmo nad\u0161enci syt\u00fdch barev, rad\u011bji se jim v lo\u017enici \u00fapln\u011b vyhn\u011bte. Ide\u00e1ln\u00ed budou jemn\u00e9 t\u00f3ny, a pokud m\u00e1te v\u011bt\u0161\u00ed lo\u017enici, m\u016f\u017eete j\u00ed klidn\u011b sm\u011b\u0159ovat do \u010dist\u011b b\u00edl\u00e9 barvy. P\u0159\u00edjemn\u011b budou p\u016fsobit i t\u00f3ny \u0161ediv\u00e9 a modr\u00e9, inspirac\u00ed mohou b\u00fdt p\u0159\u00edrodn\u00ed motivy. N\u00e1bytek volte v p\u0159\u00edrodn\u00edch materi\u00e1lech, jako je d\u0159evo nebo ratan.  Dostate\u010dn\u00e9 osv\u011btlen\u00ed I tu nejnudn\u011bj\u0161\u00ed lo\u017enici m\u016f\u017eete vyzdvihnout do nebesk\u00fdch v\u00fd\u0161in pomoc\u00ed spr\u00e1vn\u00e9ho osv\u011btlen\u00ed. U n\u00e1bytku a barevn\u00e9 \u0161k\u00e1ly odst\u00edn\u016f je lep\u0161\u00ed dr\u017eet se p\u0159i zemi, ale o to v\u00edce se m\u016f\u017eeme vy\u0159\u00e1dit pr\u00e1v\u011b na osv\u011btlen\u00ed. Do lo\u017enice pat\u0159\u00ed hned n\u011bkolik druh\u016f osv\u011btlen\u00ed. Za\u010d\u00edt byste m\u011bli hlavn\u00edm centr\u00e1ln\u00edm a doplnit ho o dal\u0161\u00ed osv\u011btlen\u00ed v podob\u011b lampi\u010dek, bodov\u00e9ho osv\u011btlen\u00ed. Pro romantick\u00e9 ve\u010dery m\u016f\u017eete nav\u00edc um\u00edstit i n\u011bkolik vonn\u00fdch sv\u00ed\u010dek a aromalamp, kter\u00e9 navod\u00ed tu spr\u00e1vnou atmosf\u00e9ru.                                                                                                                                                                                                                                                                                                                                                                                          4.4\/5 - (8 votes)        "},{"@context":"https:\/\/schema.org\/","@type":"BreadcrumbList","itemListElement":[{"@type":"ListItem","position":1,"name":"Lo\u017enice, kterou v\u00e1m bude kdekdo z\u00e1vid\u011bt!","item":"https:\/\/www.mesalina.cz\/loznice-kterou-vam-bude-kdekdo-zavidet\/#breadcrumbitem"}]}]