{"@context":"https:\/\/schema.org\/","@type":"CollectionPage","@id":"https:\/\/www.mesalina.cz\/bydleni\/#CollectionPage","headline":"Bydlen\u00ed Category","description":"","url":"https:\/\/www.mesalina.cz\/bydleni\/","hasPart":[{"@type":"Article","@id":"https:\/\/www.mesalina.cz\/navrhy-interiiru-jsou-v-kurzu\/","headline":"Navrhy interi\u00edru jsou v kurzu","url":"https:\/\/www.mesalina.cz\/navrhy-interiiru-jsou-v-kurzu\/","datePublished":"2022-06-21","dateModified":"2023-05-19","mainEntityOfPage":"https:\/\/www.mesalina.cz\/navrhy-interiiru-jsou-v-kurzu\/","author":{"@type":"Person","@id":"https:\/\/www.mesalina.cz\/author\/#Person","name":"","url":"https:\/\/www.mesalina.cz\/author\/","identifier":1,"image":{"@type":"ImageObject","@id":"https:\/\/secure.gravatar.com\/avatar\/383247cd769f7ac317a5bcda943ec48a3c79d996598ae4564ec21a0e178126d1?s=96&d=mm&r=g","url":"https:\/\/secure.gravatar.com\/avatar\/383247cd769f7ac317a5bcda943ec48a3c79d996598ae4564ec21a0e178126d1?s=96&d=mm&r=g","height":96,"width":96}},"publisher":{"@type":"Organization","name":"mesalina.cz","logo":{"@type":"ImageObject","@id":"\/logo.png","url":"\/logo.png","width":600,"height":60}},"image":{"@type":"ImageObject","@id":"https:\/\/www.mesalina.cz\/wp-content\/uploads\/the-interior-of-the-g80bf203f1_1920.jpg","url":"https:\/\/www.mesalina.cz\/wp-content\/uploads\/the-interior-of-the-g80bf203f1_1920.jpg","height":0,"width":0},"keywords":null},{"@type":"Article","@id":"https:\/\/www.mesalina.cz\/trend-3d-obrazcu\/","headline":"Trend 3D obrazc\u016f","url":"https:\/\/www.mesalina.cz\/trend-3d-obrazcu\/","datePublished":"2021-07-15","dateModified":"2023-08-21","mainEntityOfPage":"https:\/\/www.mesalina.cz\/trend-3d-obrazcu\/","author":{"@type":"Person","@id":"https:\/\/www.mesalina.cz\/author\/#Person","name":"","url":"https:\/\/www.mesalina.cz\/author\/","identifier":1,"image":{"@type":"ImageObject","@id":"https:\/\/secure.gravatar.com\/avatar\/383247cd769f7ac317a5bcda943ec48a3c79d996598ae4564ec21a0e178126d1?s=96&d=mm&r=g","url":"https:\/\/secure.gravatar.com\/avatar\/383247cd769f7ac317a5bcda943ec48a3c79d996598ae4564ec21a0e178126d1?s=96&d=mm&r=g","height":96,"width":96}},"publisher":{"@type":"Organization","name":"mesalina.cz","logo":{"@type":"ImageObject","@id":"\/logo.png","url":"\/logo.png","width":600,"height":60}},"image":{"@type":"ImageObject","@id":"https:\/\/www.mesalina.cz\/wp-content\/uploads\/O%C5%99ech%203_FT9lZ8.jpg","url":"https:\/\/www.mesalina.cz\/wp-content\/uploads\/O%C5%99ech%203_FT9lZ8.jpg","height":0,"width":0},"keywords":null},{"@type":"Article","@id":"https:\/\/www.mesalina.cz\/kde-vzit-na-podnikani\/","headline":"Kde vz\u00edt na podnik\u00e1n\u00ed","url":"https:\/\/www.mesalina.cz\/kde-vzit-na-podnikani\/","datePublished":"2020-12-15","dateModified":"2023-05-19","mainEntityOfPage":"https:\/\/www.mesalina.cz\/kde-vzit-na-podnikani\/","author":{"@type":"Person","@id":"https:\/\/www.mesalina.cz\/author\/#Person","name":"","url":"https:\/\/www.mesalina.cz\/author\/","identifier":1,"image":{"@type":"ImageObject","@id":"https:\/\/secure.gravatar.com\/avatar\/383247cd769f7ac317a5bcda943ec48a3c79d996598ae4564ec21a0e178126d1?s=96&d=mm&r=g","url":"https:\/\/secure.gravatar.com\/avatar\/383247cd769f7ac317a5bcda943ec48a3c79d996598ae4564ec21a0e178126d1?s=96&d=mm&r=g","height":96,"width":96}},"publisher":{"@type":"Organization","name":"mesalina.cz","logo":{"@type":"ImageObject","@id":"\/logo.png","url":"\/logo.png","width":600,"height":60}},"image":{"@type":"ImageObject","@id":"https:\/\/www.mesalina.cz\/wp-content\/uploads\/%C5%BEena%20a%20podnik%C3%A1n%C3%AD.png","url":"https:\/\/www.mesalina.cz\/wp-content\/uploads\/%C5%BEena%20a%20podnik%C3%A1n%C3%AD.png","height":0,"width":0},"keywords":null},{"@type":"Article","@id":"https:\/\/www.mesalina.cz\/loznice-kterou-vam-bude-kdekdo-zavidet\/","headline":"Lo\u017enice, kterou v\u00e1m bude kdekdo z\u00e1vid\u011bt!","url":"https:\/\/www.mesalina.cz\/loznice-kterou-vam-bude-kdekdo-zavidet\/","datePublished":"2020-01-17","dateModified":"2024-04-24","mainEntityOfPage":"https:\/\/www.mesalina.cz\/loznice-kterou-vam-bude-kdekdo-zavidet\/","author":{"@type":"Person","@id":"https:\/\/www.mesalina.cz\/author\/#Person","name":"","url":"https:\/\/www.mesalina.cz\/author\/","identifier":1,"image":{"@type":"ImageObject","@id":"https:\/\/secure.gravatar.com\/avatar\/383247cd769f7ac317a5bcda943ec48a3c79d996598ae4564ec21a0e178126d1?s=96&d=mm&r=g","url":"https:\/\/secure.gravatar.com\/avatar\/383247cd769f7ac317a5bcda943ec48a3c79d996598ae4564ec21a0e178126d1?s=96&d=mm&r=g","height":96,"width":96}},"publisher":{"@type":"Organization","name":"mesalina.cz","logo":{"@type":"ImageObject","@id":"\/logo.png","url":"\/logo.png","width":600,"height":60}},"image":{"@type":"ImageObject","@id":"https:\/\/www.mesalina.cz\/wp-content\/uploads\/img_a374614_w2072_t1586343218.jpg","url":"https:\/\/www.mesalina.cz\/wp-content\/uploads\/img_a374614_w2072_t1586343218.jpg","height":0,"width":0},"keywords":null},{"@type":"Article","@id":"https:\/\/www.mesalina.cz\/i-v-praze-je-mozne-bydlet-za-prijatelnou-cenu\/","headline":"I v Praze je mo\u017en\u00e9 bydlet za p\u0159ijatelnou cenu","url":"https:\/\/www.mesalina.cz\/i-v-praze-je-mozne-bydlet-za-prijatelnou-cenu\/","datePublished":"2019-09-16","dateModified":"2023-05-19","mainEntityOfPage":"https:\/\/www.mesalina.cz\/i-v-praze-je-mozne-bydlet-za-prijatelnou-cenu\/","author":{"@type":"Person","@id":"https:\/\/www.mesalina.cz\/author\/#Person","name":"","url":"https:\/\/www.mesalina.cz\/author\/","identifier":1,"image":{"@type":"ImageObject","@id":"https:\/\/secure.gravatar.com\/avatar\/383247cd769f7ac317a5bcda943ec48a3c79d996598ae4564ec21a0e178126d1?s=96&d=mm&r=g","url":"https:\/\/secure.gravatar.com\/avatar\/383247cd769f7ac317a5bcda943ec48a3c79d996598ae4564ec21a0e178126d1?s=96&d=mm&r=g","height":96,"width":96}},"publisher":{"@type":"Organization","name":"mesalina.cz","logo":{"@type":"ImageObject","@id":"\/logo.png","url":"\/logo.png","width":600,"height":60}},"image":{"@type":"ImageObject","@id":"https:\/\/www.mesalina.cz\/wp-content\/uploads\/img_a348290_w1717_t1562757141.jpg","url":"https:\/\/www.mesalina.cz\/wp-content\/uploads\/img_a348290_w1717_t1562757141.jpg","height":0,"width":0},"keywords":null},{"@type":"Article","@id":"https:\/\/www.mesalina.cz\/levne-a-zaroven-prijemne-bydleni\/","headline":"Levn\u00e9 a z\u00e1rove\u0148 p\u0159\u00edjemn\u00e9 bydlen\u00ed","url":"https:\/\/www.mesalina.cz\/levne-a-zaroven-prijemne-bydleni\/","datePublished":"2019-08-02","dateModified":"2023-05-19","mainEntityOfPage":"https:\/\/www.mesalina.cz\/levne-a-zaroven-prijemne-bydleni\/","author":{"@type":"Person","@id":"https:\/\/www.mesalina.cz\/author\/#Person","name":"","url":"https:\/\/www.mesalina.cz\/author\/","identifier":1,"image":{"@type":"ImageObject","@id":"https:\/\/secure.gravatar.com\/avatar\/383247cd769f7ac317a5bcda943ec48a3c79d996598ae4564ec21a0e178126d1?s=96&d=mm&r=g","url":"https:\/\/secure.gravatar.com\/avatar\/383247cd769f7ac317a5bcda943ec48a3c79d996598ae4564ec21a0e178126d1?s=96&d=mm&r=g","height":96,"width":96}},"publisher":{"@type":"Organization","name":"mesalina.cz","logo":{"@type":"ImageObject","@id":"\/logo.png","url":"\/logo.png","width":600,"height":60}},"image":{"@type":"ImageObject","@id":"https:\/\/www.mesalina.cz\/wp-content\/uploads\/img_a353027_w3138_t1567277647.png","url":"https:\/\/www.mesalina.cz\/wp-content\/uploads\/img_a353027_w3138_t1567277647.png","height":0,"width":0},"keywords":null}]}